{"id":12005,"date":"2024-05-22T13:43:32","date_gmt":"2024-05-22T12:43:32","guid":{"rendered":"https:\/\/www.arbaletriers.be\/wordpress\/?p=12005"},"modified":"2024-05-30T08:12:00","modified_gmt":"2024-05-30T07:12:00","slug":"albastries-2024","status":"publish","type":"post","link":"https:\/\/www.arbaletriers.be\/wordpress\/albastries-2024\/","title":{"rendered":"F\u00eate des Albastries 2024 &#8211; Samedi 1 juin \u00e0 11h00"},"content":{"rendered":"<div id=\"themify_builder_content-12005\" data-postid=\"12005\" class=\"themify_builder_content themify_builder_content-12005 themify_builder themify_builder_front\">\n\t\t\t\t\n\t\t\t<!-- module_row -->\n\t\t\t<div class=\"themify_builder_row module_row module_row_0 clearfix\" >\n\n\t\t\t\t<div class=\"row_inner\">\n\n\t\t\t\t\t\n\t\t\t\t\t\n\t\t\t\t\t\n\t\t\t\t\t\n\t\t\t\t\t\t\t\t<div class=\"col-full first tb-column\">\n\t\t\t\t\t\t\t\t\t\t\t\t\t\t\t\t\t\t\t\n\t\t\t\t\t\t\t\t\t\t\n<!-- module box -->\n<div id=\"box-12005-0-0-0\" class=\"module module-box box-12005-0-0-0 \">\n\t\t\n\t\t\n\t<div class=\"module-box-content ui rounded gradient default  \">\n\t\t<p style=\"text-align: center;\"><br \/>Le Corps des Albastries a le plaisir de vous convier \u00e0 sa d\u00e9sormais traditionnelle journ\u00e9e<br \/>r\u00e9cr\u00e9ative qui se d\u00e9roulera cette ann\u00e9e encore, le samedi 1 juin prochain, de 11 \u00e0 17<br \/>heures, dans le Jardin des Arbal\u00e9triers, rue Haute, 46 \u00e0 Vis\u00e9.<\/p><p style=\"text-align: center;\"><br \/>Lors de cette journ\u00e9e, vous aurez l&rsquo;opportunit\u00e9 de vous tester au maniement d&rsquo;arbal\u00e8tes du<br \/>Corps des Albastries et de prendre connaissance des modalit\u00e9s d&rsquo;armement et de tir de<br \/>celles-ci.<\/p><p style=\"text-align: center;\"><br \/><strong><span style=\"text-decoration: underline;\">Nouveaut\u00e9<\/span><\/strong><br \/>Nous vous proposons en plus cette ann\u00e9e une<br \/>animation d&rsquo;escrime. Cette<br \/>animation comprendra des duels, des combats<br \/>\u00e0 l&rsquo;instinct ou de spectacle,<br \/>d\u00e9monstration d&rsquo;\u00e9quipements.<br \/>Entre 14h et 16h<\/p><p style=\"text-align: center;\"><br \/>Les enfants seront les bienvenus et ne seront pas en reste : grimage, tir \u00e0 l&rsquo;arbal\u00e8te \u00e0<br \/>bouchon, tir sur figurines, d\u00e9molition de fortification au moyen de catapultes, jeux d&rsquo;adresse<br \/>et brochettes de chiques les attendront !<\/p><p style=\"text-align: center;\"><br \/>Au plaisir de vous rencontrer le 1 juin,<\/p><p style=\"text-align: center;\"><br \/>Pour le Corps des Albastries,<\/p><p style=\"text-align: center;\"><br \/>Georges VANMESSEN<br \/>Capitaine Albastrie<\/p><p style=\"text-align: center;\"><br \/>Jean-Fran\u00e7ois DE BLOCK<br \/>Lieutenant secr\u00e9taire Albastrie<\/p><p style=\"text-align: center;\">\u00a0<\/p>\t<\/div>\n\n\t<\/div>\n<!-- \/module box -->\n<!-- .themify_builder .box-12005-0-0-0 Style -->\n<style>\n.themify_builder .box-12005-0-0-0.module-box {\n\ttext-align: justify\n}\n<\/style>\n<!-- End .themify_builder .box-12005-0-0-0 Style -->\n\n\t\t\t\t\t\t\t\t\t\n\t\t\t\t\t\t\t\t\t\t\t\t\t\t\t\t\t<\/div>\n\t\t\t\t\t\t\t\t<!-- \/col -->\n\t\t\t\t\t\t  \n\n\t\t\t\t\t\n\t\t\t\t\t\t\t\t\t\t\n\t\t\t\t\t\t\t\t\t\n\t\t\t\t<\/div>\n\t\t\t\t<!-- \/row_inner -->\n\t\t\t<\/div>\n\t\t\t<!-- \/module_row -->\n\t\t\t\n<\/div>\n<!-- \/themify_builder_content -->","protected":false},"excerpt":{"rendered":"<p>Le Corps des Albastries a le plaisir de vous convier \u00e0 sa d\u00e9sormais traditionnelle journ\u00e9er\u00e9cr\u00e9ative qui se d\u00e9roulera cette ann\u00e9e encore, le samedi 1 juin prochain, de 11 \u00e0 17heures, dans le Jardin des Arbal\u00e9triers, rue Haute, 46 \u00e0 Vis\u00e9.Lors de cette journ\u00e9e, vous aurez l&rsquo;opportunit\u00e9 de vous tester au maniement d&rsquo;arbal\u00e8tes duCorps des Albastries [&hellip;]<\/p>\n","protected":false},"author":1,"featured_media":12009,"comment_status":"closed","ping_status":"closed","sticky":false,"template":"","format":"image","meta":{"footnotes":""},"categories":[56],"tags":[],"class_list":["post-12005","post","type-post","status-publish","format-image","has-post-thumbnail","hentry","category-archive-agenda","post_format-post-format-image"],"_links":{"self":[{"href":"https:\/\/www.arbaletriers.be\/wordpress\/wp-json\/wp\/v2\/posts\/12005"}],"collection":[{"href":"https:\/\/www.arbaletriers.be\/wordpress\/wp-json\/wp\/v2\/posts"}],"about":[{"href":"https:\/\/www.arbaletriers.be\/wordpress\/wp-json\/wp\/v2\/types\/post"}],"author":[{"embeddable":true,"href":"https:\/\/www.arbaletriers.be\/wordpress\/wp-json\/wp\/v2\/users\/1"}],"replies":[{"embeddable":true,"href":"https:\/\/www.arbaletriers.be\/wordpress\/wp-json\/wp\/v2\/comments?post=12005"}],"version-history":[{"count":1,"href":"https:\/\/www.arbaletriers.be\/wordpress\/wp-json\/wp\/v2\/posts\/12005\/revisions"}],"predecessor-version":[{"id":12007,"href":"https:\/\/www.arbaletriers.be\/wordpress\/wp-json\/wp\/v2\/posts\/12005\/revisions\/12007"}],"wp:featuredmedia":[{"embeddable":true,"href":"https:\/\/www.arbaletriers.be\/wordpress\/wp-json\/wp\/v2\/media\/12009"}],"wp:attachment":[{"href":"https:\/\/www.arbaletriers.be\/wordpress\/wp-json\/wp\/v2\/media?parent=12005"}],"wp:term":[{"taxonomy":"category","embeddable":true,"href":"https:\/\/www.arbaletriers.be\/wordpress\/wp-json\/wp\/v2\/categories?post=12005"},{"taxonomy":"post_tag","embeddable":true,"href":"https:\/\/www.arbaletriers.be\/wordpress\/wp-json\/wp\/v2\/tags?post=12005"}],"curies":[{"name":"wp","href":"https:\/\/api.w.org\/{rel}","templated":true}]}}